{"id":1727,"date":"2019-02-13T23:18:55","date_gmt":"2019-02-13T23:18:55","guid":{"rendered":"http:\/\/utpawdh.cluster031.hosting.ovh.net\/?p=1727"},"modified":"2023-03-09T07:41:46","modified_gmt":"2023-03-09T07:41:46","slug":"la-vallee-de-la-paix","status":"publish","type":"post","link":"https:\/\/www.hotelvieuxmoulin.lu\/fr\/2019\/02\/13\/la-vallee-de-la-paix\/","title":{"rendered":"La Vall\u00e9e de la Paix"},"content":{"rendered":"<p style=\"font-size: 18px\">1945-2015: 70 ans apr\u00e8s la fin de la Seconde Guerre mondiale, la vall\u00e9e de la paix idyllique dans la vall\u00e9e de Tratterbach vous invitent \u00e0 un moment de r\u00e9flexion. Le monument a \u00e9t\u00e9 cr\u00e9\u00e9 avec la participation d'Arcelor Mittal, minist\u00e8re du Tourisme.<\/p>\n<p>&nbsp;<\/p>\n<p><u><strong>Pourquoi une vall\u00e9e de la paix?<\/strong><\/u><\/p>\n<p>1914-2014: cent ans apr\u00e8s la Premi\u00e8re Guerre mondiale<br \/>\n1945-2015: 70 ans depuis la derni\u00e8re guerre mondiale<br \/>\n1963 -2013: 50 ans d'amiti\u00e9 franco-allemande<br \/>\n9 mai 1950: cr\u00e9ation de l'Union europ\u00e9enne<\/p>\n<p>&nbsp;<\/p>\n<p style=\"font-size: 18px\">Cette intense p\u00e9riode comm\u00e9morative nous permet de nous rappeler que les horreurs du pass\u00e9 envoie un message de paix et d\u2019espoir aux g\u00e9n\u00e9rations futures.<\/p>\n<p>&nbsp;<\/p>\n<p style=\"font-size: 18px\">Quelques grands hommes de l'apr\u00e8s-guerre ont d\u00e9velopp\u00e9 la collaboration \u00e9conomique entre les anciens bellig\u00e9rants afin de mettre fin \u00e0 tout combat. Avec la cr\u00e9ation de la Communaut\u00e9 du charbon et de l'acier (CECA), Jean Monnet, Robert Schuman Alcide de Gasperi, Joseph Bech et Konrad Adenauer ont jet\u00e9 les bases d'une collaboration \u00e9conomique, sociale et politique. L'Union europ\u00e9enne est n\u00e9e dans un contexte de guerre pour assurer une paix durable.<\/p>\n<p>&nbsp;<\/p>\n<p style=\"font-size: 18px\">Six panneaux d'information sur:<\/p>\n<p style=\"font-size: 18px\">- Les origines de l'Union europ\u00e9enne avec le CECA<\/p>\n<p style=\"font-size: 18px\">- Les objectifs de l'Union europ\u00e9enne<\/p>\n<p style=\"font-size: 18px\">- La bataille des Ardennes<\/p>\n<p style=\"font-size: 18px\">- Le trait\u00e9 de l'Elys\u00e9e<\/p>\n<p style=\"font-size: 18px\">- Lignes de d\u00e9fense Siegfried et Maginot<\/p>\n<p style=\"font-size: 18px\">- L'Union europ\u00e9enne en chiffres<\/p>\n<p>&nbsp;<\/p>\n<p>&nbsp;<\/p>\n<p><a href=\"https:\/\/reservations.cubilis.eu\/domaine-du-moulin-dasselborn-asselborn?Language=fr-FR\" target=\"_blank\" rel=\"noopener noreferrer\"><button style=\"padding: 10px;background-color: #b6a078;border: none;color: white;font-size: 20px;cursor: pointer\">R\u00e9servez une chambre<\/button><\/a><\/p>\n<p>&nbsp;<\/p>\n<p><a style=\"text-decoration: underline\" href=\"https:\/\/www.hotelvieuxmoulin.lu\/fr\/activities-around-us\/\">D\u00e9couvrir d'autres activit\u00e9s autour de l'hotel<\/a><\/p>","protected":false},"excerpt":{"rendered":"<p>70 years after the end of the World War II, the duty of memory and &#8230;<\/p>","protected":false},"author":1,"featured_media":1736,"comment_status":"closed","ping_status":"open","sticky":false,"template":"","format":"standard","meta":{"om_disable_all_campaigns":false,"_monsterinsights_skip_tracking":false,"_monsterinsights_sitenote_active":false,"_monsterinsights_sitenote_note":"","_monsterinsights_sitenote_category":0,"footnotes":""},"categories":[2],"tags":[],"class_list":["post-1727","post","type-post","status-publish","format-standard","has-post-thumbnail","hentry","category-around-us"],"yoast_head":"<!-- This site is optimized with the Yoast SEO plugin v21.9.1 - https:\/\/yoast.com\/wordpress\/plugins\/seo\/ -->\n<title>The Valley of Peace - Domaine du Moulin d&#039;Asselborn<\/title>\n<meta name=\"description\" content=\"Discover the valley of peace, a monument in duty to remember the world wars and to promote peace, located just next to our hotel.\" \/>\n<meta name=\"robots\" content=\"index, follow, max-snippet:-1, max-image-preview:large, max-video-preview:-1\" \/>\n<link rel=\"canonical\" href=\"https:\/\/www.hotelvieuxmoulin.lu\/fr\/2019\/02\/13\/la-vallee-de-la-paix\/\" \/>\n<meta property=\"og:locale\" content=\"fr_FR\" \/>\n<meta property=\"og:type\" content=\"article\" \/>\n<meta property=\"og:title\" content=\"The Valley of Peace - Domaine du Moulin d&#039;Asselborn\" \/>\n<meta property=\"og:description\" content=\"Discover the valley of peace, a monument in duty to remember the world wars and to promote peace, located just next to our hotel.\" \/>\n<meta property=\"og:url\" content=\"https:\/\/www.hotelvieuxmoulin.lu\/fr\/2019\/02\/13\/la-vallee-de-la-paix\/\" \/>\n<meta property=\"og:site_name\" content=\"Domaine du Moulin d&#039;Asselborn\" \/>\n<meta property=\"article:published_time\" content=\"2019-02-13T23:18:55+00:00\" \/>\n<meta property=\"article:modified_time\" content=\"2023-03-09T07:41:46+00:00\" \/>\n<meta property=\"og:image\" content=\"https:\/\/www.hotelvieuxmoulin.lu\/wp-content\/uploads\/2019\/02\/IMG_6715-1024x683.jpg\" \/>\n\t<meta property=\"og:image:width\" content=\"1024\" \/>\n\t<meta property=\"og:image:height\" content=\"683\" \/>\n\t<meta property=\"og:image:type\" content=\"image\/jpeg\" \/>\n<meta name=\"author\" content=\"assel-admin\" \/>\n<meta name=\"twitter:card\" content=\"summary_large_image\" \/>\n<meta name=\"twitter:label1\" content=\"\u00c9crit par\" \/>\n\t<meta name=\"twitter:data1\" content=\"assel-admin\" \/>\n\t<meta name=\"twitter:label2\" content=\"Dur\u00e9e de lecture estim\u00e9e\" \/>\n\t<meta name=\"twitter:data2\" content=\"1 minute\" \/>\n<script type=\"application\/ld+json\" class=\"yoast-schema-graph\">{\"@context\":\"https:\/\/schema.org\",\"@graph\":[{\"@type\":\"WebPage\",\"@id\":\"https:\/\/www.hotelvieuxmoulin.lu\/2019\/02\/13\/la-vallee-de-la-paix\/\",\"url\":\"https:\/\/www.hotelvieuxmoulin.lu\/2019\/02\/13\/la-vallee-de-la-paix\/\",\"name\":\"The Valley of Peace - Domaine du Moulin d&#039;Asselborn\",\"isPartOf\":{\"@id\":\"https:\/\/www.hotelvieuxmoulin.lu\/#website\"},\"datePublished\":\"2019-02-13T23:18:55+00:00\",\"dateModified\":\"2023-03-09T07:41:46+00:00\",\"author\":{\"@id\":\"https:\/\/www.hotelvieuxmoulin.lu\/#\/schema\/person\/979e15e7054faf6b42694270e6626050\"},\"description\":\"Discover the valley of peace, a monument in duty to remember the world wars and to promote peace, located just next to our hotel.\",\"breadcrumb\":{\"@id\":\"https:\/\/www.hotelvieuxmoulin.lu\/2019\/02\/13\/la-vallee-de-la-paix\/#breadcrumb\"},\"inLanguage\":\"fr-FR\",\"potentialAction\":[{\"@type\":\"ReadAction\",\"target\":[\"https:\/\/www.hotelvieuxmoulin.lu\/2019\/02\/13\/la-vallee-de-la-paix\/\"]}]},{\"@type\":\"BreadcrumbList\",\"@id\":\"https:\/\/www.hotelvieuxmoulin.lu\/2019\/02\/13\/la-vallee-de-la-paix\/#breadcrumb\",\"itemListElement\":[{\"@type\":\"ListItem\",\"position\":1,\"name\":\"Home\",\"item\":\"https:\/\/www.hotelvieuxmoulin.lu\/\"},{\"@type\":\"ListItem\",\"position\":2,\"name\":\"The Valley of Peace\"}]},{\"@type\":\"WebSite\",\"@id\":\"https:\/\/www.hotelvieuxmoulin.lu\/#website\",\"url\":\"https:\/\/www.hotelvieuxmoulin.lu\/\",\"name\":\"Domaine du Moulin d&#039;Asselborn\",\"description\":\"Regional Luxembourgish hotel tradition\",\"potentialAction\":[{\"@type\":\"SearchAction\",\"target\":{\"@type\":\"EntryPoint\",\"urlTemplate\":\"https:\/\/www.hotelvieuxmoulin.lu\/?s={search_term_string}\"},\"query-input\":\"required name=search_term_string\"}],\"inLanguage\":\"fr-FR\"},{\"@type\":\"Person\",\"@id\":\"https:\/\/www.hotelvieuxmoulin.lu\/#\/schema\/person\/979e15e7054faf6b42694270e6626050\",\"name\":\"assel-admin\",\"url\":\"https:\/\/www.hotelvieuxmoulin.lu\/fr\/author\/assel-admin\/\"}]}<\/script>\n<!-- \/ Yoast SEO plugin. -->","yoast_head_json":{"title":"The Valley of Peace - Domaine du Moulin d&#039;Asselborn","description":"Discover the valley of peace, a monument in duty to remember the world wars and to promote peace, located just next to our hotel.","robots":{"index":"index","follow":"follow","max-snippet":"max-snippet:-1","max-image-preview":"max-image-preview:large","max-video-preview":"max-video-preview:-1"},"canonical":"https:\/\/www.hotelvieuxmoulin.lu\/fr\/2019\/02\/13\/la-vallee-de-la-paix\/","og_locale":"fr_FR","og_type":"article","og_title":"The Valley of Peace - Domaine du Moulin d&#039;Asselborn","og_description":"Discover the valley of peace, a monument in duty to remember the world wars and to promote peace, located just next to our hotel.","og_url":"https:\/\/www.hotelvieuxmoulin.lu\/fr\/2019\/02\/13\/la-vallee-de-la-paix\/","og_site_name":"Domaine du Moulin d&#039;Asselborn","article_published_time":"2019-02-13T23:18:55+00:00","article_modified_time":"2023-03-09T07:41:46+00:00","og_image":[{"width":1024,"height":683,"url":"https:\/\/www.hotelvieuxmoulin.lu\/wp-content\/uploads\/2019\/02\/IMG_6715-1024x683.jpg","type":"image\/jpeg"}],"author":"assel-admin","twitter_card":"summary_large_image","twitter_misc":{"\u00c9crit par":"assel-admin","Dur\u00e9e de lecture estim\u00e9e":"1 minute"},"schema":{"@context":"https:\/\/schema.org","@graph":[{"@type":"WebPage","@id":"https:\/\/www.hotelvieuxmoulin.lu\/2019\/02\/13\/la-vallee-de-la-paix\/","url":"https:\/\/www.hotelvieuxmoulin.lu\/2019\/02\/13\/la-vallee-de-la-paix\/","name":"The Valley of Peace - Domaine du Moulin d&#039;Asselborn","isPartOf":{"@id":"https:\/\/www.hotelvieuxmoulin.lu\/#website"},"datePublished":"2019-02-13T23:18:55+00:00","dateModified":"2023-03-09T07:41:46+00:00","author":{"@id":"https:\/\/www.hotelvieuxmoulin.lu\/#\/schema\/person\/979e15e7054faf6b42694270e6626050"},"description":"Discover the valley of peace, a monument in duty to remember the world wars and to promote peace, located just next to our hotel.","breadcrumb":{"@id":"https:\/\/www.hotelvieuxmoulin.lu\/2019\/02\/13\/la-vallee-de-la-paix\/#breadcrumb"},"inLanguage":"fr-FR","potentialAction":[{"@type":"ReadAction","target":["https:\/\/www.hotelvieuxmoulin.lu\/2019\/02\/13\/la-vallee-de-la-paix\/"]}]},{"@type":"BreadcrumbList","@id":"https:\/\/www.hotelvieuxmoulin.lu\/2019\/02\/13\/la-vallee-de-la-paix\/#breadcrumb","itemListElement":[{"@type":"ListItem","position":1,"name":"Home","item":"https:\/\/www.hotelvieuxmoulin.lu\/"},{"@type":"ListItem","position":2,"name":"The Valley of Peace"}]},{"@type":"WebSite","@id":"https:\/\/www.hotelvieuxmoulin.lu\/#website","url":"https:\/\/www.hotelvieuxmoulin.lu\/","name":"Domaine du Moulin d&#039;Asselborn","description":"Regional Luxembourgish hotel tradition","potentialAction":[{"@type":"SearchAction","target":{"@type":"EntryPoint","urlTemplate":"https:\/\/www.hotelvieuxmoulin.lu\/?s={search_term_string}"},"query-input":"required name=search_term_string"}],"inLanguage":"fr-FR"},{"@type":"Person","@id":"https:\/\/www.hotelvieuxmoulin.lu\/#\/schema\/person\/979e15e7054faf6b42694270e6626050","name":"assel-admin","url":"https:\/\/www.hotelvieuxmoulin.lu\/fr\/author\/assel-admin\/"}]}},"_links":{"self":[{"href":"https:\/\/www.hotelvieuxmoulin.lu\/fr\/wp-json\/wp\/v2\/posts\/1727","targetHints":{"allow":["GET"]}}],"collection":[{"href":"https:\/\/www.hotelvieuxmoulin.lu\/fr\/wp-json\/wp\/v2\/posts"}],"about":[{"href":"https:\/\/www.hotelvieuxmoulin.lu\/fr\/wp-json\/wp\/v2\/types\/post"}],"author":[{"embeddable":true,"href":"https:\/\/www.hotelvieuxmoulin.lu\/fr\/wp-json\/wp\/v2\/users\/1"}],"replies":[{"embeddable":true,"href":"https:\/\/www.hotelvieuxmoulin.lu\/fr\/wp-json\/wp\/v2\/comments?post=1727"}],"version-history":[{"count":11,"href":"https:\/\/www.hotelvieuxmoulin.lu\/fr\/wp-json\/wp\/v2\/posts\/1727\/revisions"}],"predecessor-version":[{"id":3704,"href":"https:\/\/www.hotelvieuxmoulin.lu\/fr\/wp-json\/wp\/v2\/posts\/1727\/revisions\/3704"}],"wp:featuredmedia":[{"embeddable":true,"href":"https:\/\/www.hotelvieuxmoulin.lu\/fr\/wp-json\/wp\/v2\/media\/1736"}],"wp:attachment":[{"href":"https:\/\/www.hotelvieuxmoulin.lu\/fr\/wp-json\/wp\/v2\/media?parent=1727"}],"wp:term":[{"taxonomy":"category","embeddable":true,"href":"https:\/\/www.hotelvieuxmoulin.lu\/fr\/wp-json\/wp\/v2\/categories?post=1727"},{"taxonomy":"post_tag","embeddable":true,"href":"https:\/\/www.hotelvieuxmoulin.lu\/fr\/wp-json\/wp\/v2\/tags?post=1727"}],"curies":[{"name":"wp","href":"https:\/\/api.w.org\/{rel}","templated":true}]}}